{"id":134,"date":"2020-09-15T01:48:00","date_gmt":"2020-09-14T23:48:00","guid":{"rendered":"http:\/\/deloxygene.fr\/?p=134"},"modified":"2022-10-17T02:26:23","modified_gmt":"2022-10-17T00:26:23","slug":"tribune-septembre-2020","status":"publish","type":"post","link":"http:\/\/deloxygene.fr\/index.php\/2020\/09\/15\/tribune-septembre-2020\/","title":{"rendered":"Tribune septembre 2020 : bouff\u00e9e d\u2019oxyg\u00e8ne"},"content":{"rendered":"\n<p class=\"has-black-color has-text-color\">Notre arriv\u00e9e bouleverse les habitudes. Se croyant\u00a0toujours en 2014, le Maire s\u2019\u00e9tait attribu\u00e9 l\u2019ensemble\u00a0des si\u00e8ges au conseil communautaire&#8230; mal lui en a\u00a0pris : battu au Tribunal Administratif, il a du int\u00e9grer\u00a0Carine Pelegrin au sein de cette assembl\u00e9e.<\/p>\n\n\n\n<p class=\"has-black-color has-text-color\">Nous avions demand\u00e9, d\u00e8s le conseil municipal&nbsp;du 12 juin, la communication des devis et factures&nbsp;concernant l\u2019achat de v\u00e9hicules aupr\u00e8s d\u2019un&nbsp;concessionnaire d\u2019Osny. Cette marque \u00e9tant&nbsp;pr\u00e9sente sur notre ville, pourquoi ne pas faire appel&nbsp;au commer\u00e7ant adamois ? Le maire a refus\u00e9 de&nbsp;nous communiquer ces pi\u00e8ces mais apr\u00e8s 3 mois&nbsp;et un rappel de la loi, nous allons enfin pouvoir les&nbsp;consulter&#8230; \u00e0 suivre !<\/p>\n\n\n\n<p class=\"has-black-color has-text-color\">Avec plus d\u20191.000.000 \u20ac de r\u00e9serves, nous avons&nbsp;propos\u00e9, lors du vote du budget, de faire un effort&nbsp;exceptionnel en faveur des familles, en am\u00e9liorant&nbsp;l\u2019encadrement de l\u2019accueil scolaire tout en baissant&nbsp;son tarif, des associations en attribuant des&nbsp;subventions pour amortir la chute des recettes de&nbsp;sponsoring et limiter la hausse des cotisations, et de&nbsp;l\u2019investissement pour la transition \u00e9nerg\u00e9tique. Le&nbsp;Maire a jug\u00e9 que cela n\u2019avait aucun int\u00e9r\u00eat.<\/p>\n\n\n\n<p class=\"has-black-color has-text-color\">Que dire lorsque le Maire refuse de voter un v\u0153u&nbsp;politique contre l\u2019extension du T4 Roissy pour&nbsp;pr\u00e9server notre environnement sous pr\u00e9texte qu\u2019il&nbsp;n\u2019y aurait pas de nuisances a\u00e9riennes sur notre&nbsp;ville ? A \u00e9couter son d\u00e9l\u00e9gu\u00e9 en charge du dossier, il&nbsp;n\u2019aurait re\u00e7u qu\u2019un seul mail \u00e0 ce sujet en 6 ans&#8230; alors&nbsp;pourquoi nommer un d\u00e9l\u00e9gu\u00e9 \u00e0 ce sujet ? Pourtant&nbsp;son avis ne fait pas l\u2019unanimit\u00e9 au sein de sa famille&nbsp;politique : S. Meurant S\u00e9nateur et Pr\u00e9sident des LR&nbsp;95 a vot\u00e9 contre le T4 ! Et vous qu\u2019en dites-vous ?<\/p>\n\n\n\n<p class=\"has-black-color has-text-color\">C. Pelegrin, E. Legris et C. Muller<\/p>\n","protected":false},"excerpt":{"rendered":"<p>Notre arriv\u00e9e bouleverse les habitudes. Se croyant\u00a0toujours en 2014, le Maire s\u2019\u00e9tait attribu\u00e9 l\u2019ensemble\u00a0des si\u00e8ges au conseil communautaire&#8230; mal lui en a\u00a0pris : battu au Tribunal Administratif, il a du &#8230;<\/p>\n","protected":false},"author":1,"featured_media":0,"comment_status":"open","ping_status":"open","sticky":false,"template":"","format":"standard","meta":{"footnotes":"","jetpack_publicize_message":"","jetpack_publicize_feature_enabled":true,"jetpack_social_post_already_shared":false,"jetpack_social_options":{"image_generator_settings":{"template":"highway","default_image_id":0,"font":"","enabled":false},"version":2}},"categories":[15],"tags":[],"class_list":["post-134","post","type-post","status-publish","format-standard","hentry","category-tribune-publiee-dans-regards"],"jetpack_publicize_connections":[],"_links":{"self":[{"href":"http:\/\/deloxygene.fr\/index.php\/wp-json\/wp\/v2\/posts\/134","targetHints":{"allow":["GET"]}}],"collection":[{"href":"http:\/\/deloxygene.fr\/index.php\/wp-json\/wp\/v2\/posts"}],"about":[{"href":"http:\/\/deloxygene.fr\/index.php\/wp-json\/wp\/v2\/types\/post"}],"author":[{"embeddable":true,"href":"http:\/\/deloxygene.fr\/index.php\/wp-json\/wp\/v2\/users\/1"}],"replies":[{"embeddable":true,"href":"http:\/\/deloxygene.fr\/index.php\/wp-json\/wp\/v2\/comments?post=134"}],"version-history":[{"count":0,"href":"http:\/\/deloxygene.fr\/index.php\/wp-json\/wp\/v2\/posts\/134\/revisions"}],"wp:attachment":[{"href":"http:\/\/deloxygene.fr\/index.php\/wp-json\/wp\/v2\/media?parent=134"}],"wp:term":[{"taxonomy":"category","embeddable":true,"href":"http:\/\/deloxygene.fr\/index.php\/wp-json\/wp\/v2\/categories?post=134"},{"taxonomy":"post_tag","embeddable":true,"href":"http:\/\/deloxygene.fr\/index.php\/wp-json\/wp\/v2\/tags?post=134"}],"curies":[{"name":"wp","href":"https:\/\/api.w.org\/{rel}","templated":true}]}}