{"id":137,"date":"2020-06-25T01:51:00","date_gmt":"2020-06-24T23:51:00","guid":{"rendered":"http:\/\/deloxygene.fr\/?p=137"},"modified":"2022-10-17T02:25:51","modified_gmt":"2022-10-17T00:25:51","slug":"tribune-juin-2020","status":"publish","type":"post","link":"http:\/\/deloxygene.fr\/index.php\/2020\/06\/25\/tribune-juin-2020\/","title":{"rendered":"Tribune juin 2020 : avan\u00e7ons ensemble !"},"content":{"rendered":"\n<p class=\"has-black-color has-text-color\">Ch\u00e8res Adamoises, chers Adamois,<\/p>\n\n\n\n<p class=\"has-black-color has-text-color\">Nous avons une pens\u00e9e pour celles et ceux qui nous ont&nbsp;quitt\u00e9s ces derni\u00e8res semaines ou qui ont \u00e9t\u00e9 touch\u00e9s par&nbsp;la CoVID-19.<\/p>\n\n\n\n<p class=\"has-black-color has-text-color\">Merci \u00e0 celles et ceux qui se sont battus pour pr\u00e9server&nbsp;nos vies, faire tourner notre pays, faire en sorte que nous&nbsp;puissions organiser le monde d\u2019apr\u00e8s.<\/p>\n\n\n\n<p class=\"has-black-color has-text-color\">Nous sommes les h\u00e9ritiers de cet espoir d\u2019une soci\u00e9t\u00e9 plus&nbsp;solidaire, \u00e0 nous de le porter en prenant garde de n\u2019oublier&nbsp;personne sur le bord du chemin.<\/p>\n\n\n\n<p class=\"has-black-color has-text-color\">Dans ce contexte particulier, les 4371 \u00e9lecteurs qui ne sont&nbsp;pas d\u00e9plac\u00e9s doivent \u00eatre \u00e9cout\u00e9s et entendus. Il ne serait&nbsp;pas juste ni d\u00e9mocratique, de g\u00e9rer notre ville sans associer&nbsp;les habitants aux d\u00e9cisions. Nous sommes \u00e0 leur disposition&nbsp;pour \u00eatre leur relais.<\/p>\n\n\n\n<p class=\"has-black-color has-text-color\">Notre groupe remercie les 3788 \u00e9lecteurs qui se sont&nbsp;rendus aux urnes le 15 mars dernier ainsi que les 788&nbsp;d\u2019entre eux qui ont fait le choix de nous confier la mission&nbsp;de veiller au respect de l\u2019int\u00e9r\u00eat g\u00e9n\u00e9ral.<\/p>\n\n\n\n<p class=\"has-black-color has-text-color\">Apr\u00e8s 6 ann\u00e9es, o\u00f9 l\u2019\u00e9quipe municipale a dirig\u00e9 notre ville&nbsp;sans aucune contradiction, il \u00e9tait temps que le d\u00e9bat&nbsp;d\u00e9mocratique renaisse au sein du conseil municipal.<\/p>\n\n\n\n<p class=\"has-black-color has-text-color\">Nous sommes les repr\u00e9sentants d\u2019une vision diff\u00e9rente de&nbsp;notre ville, plus solidaire, plus participative, plus inclusive,&nbsp;plus \u00e9coresponsable. Durant cette mandature, nous&nbsp;examinerons chacun des projets municipaux \u00e0 l\u2019aune de ces&nbsp;principes.<\/p>\n\n\n\n<p class=\"has-black-color has-text-color\">Nous serons une force de proposition, m\u00eame si lors du&nbsp;premier conseil, refusant de s\u2019ouvrir \u00e0 la d\u00e9mocratie&nbsp;participative, le Maire a rejet\u00e9 l\u2019ensemble de nos 40&nbsp;amendements.<\/p>\n\n\n\n<p class=\"has-black-color has-text-color\">Nous ne sommes que 3 \u00e9lus mais nous travaillerons&nbsp;pour que la force de nos arguments soit suffisante pour&nbsp;convaincre et peser sur leurs projets.<\/p>\n\n\n\n<p class=\"has-black-color has-text-color\">Avan\u00e7ons ensemble !<\/p>\n","protected":false},"excerpt":{"rendered":"<p>Ch\u00e8res Adamoises, chers Adamois, Nous avons une pens\u00e9e pour celles et ceux qui nous ont&nbsp;quitt\u00e9s ces derni\u00e8res semaines ou qui ont \u00e9t\u00e9 touch\u00e9s par&nbsp;la CoVID-19. Merci \u00e0 celles et ceux &#8230;<\/p>\n","protected":false},"author":1,"featured_media":0,"comment_status":"open","ping_status":"open","sticky":false,"template":"","format":"standard","meta":{"footnotes":"","jetpack_publicize_message":"","jetpack_publicize_feature_enabled":true,"jetpack_social_post_already_shared":false,"jetpack_social_options":{"image_generator_settings":{"template":"highway","default_image_id":0,"font":"","enabled":false},"version":2}},"categories":[15],"tags":[],"class_list":["post-137","post","type-post","status-publish","format-standard","hentry","category-tribune-publiee-dans-regards"],"jetpack_publicize_connections":[],"_links":{"self":[{"href":"http:\/\/deloxygene.fr\/index.php\/wp-json\/wp\/v2\/posts\/137","targetHints":{"allow":["GET"]}}],"collection":[{"href":"http:\/\/deloxygene.fr\/index.php\/wp-json\/wp\/v2\/posts"}],"about":[{"href":"http:\/\/deloxygene.fr\/index.php\/wp-json\/wp\/v2\/types\/post"}],"author":[{"embeddable":true,"href":"http:\/\/deloxygene.fr\/index.php\/wp-json\/wp\/v2\/users\/1"}],"replies":[{"embeddable":true,"href":"http:\/\/deloxygene.fr\/index.php\/wp-json\/wp\/v2\/comments?post=137"}],"version-history":[{"count":0,"href":"http:\/\/deloxygene.fr\/index.php\/wp-json\/wp\/v2\/posts\/137\/revisions"}],"wp:attachment":[{"href":"http:\/\/deloxygene.fr\/index.php\/wp-json\/wp\/v2\/media?parent=137"}],"wp:term":[{"taxonomy":"category","embeddable":true,"href":"http:\/\/deloxygene.fr\/index.php\/wp-json\/wp\/v2\/categories?post=137"},{"taxonomy":"post_tag","embeddable":true,"href":"http:\/\/deloxygene.fr\/index.php\/wp-json\/wp\/v2\/tags?post=137"}],"curies":[{"name":"wp","href":"https:\/\/api.w.org\/{rel}","templated":true}]}}