{"id":141,"date":"2022-09-15T02:14:00","date_gmt":"2022-09-15T00:14:00","guid":{"rendered":"http:\/\/deloxygene.fr\/?p=141"},"modified":"2022-10-17T02:30:24","modified_gmt":"2022-10-17T00:30:24","slug":"tribune-septembre-2022","status":"publish","type":"post","link":"http:\/\/deloxygene.fr\/index.php\/2022\/09\/15\/tribune-septembre-2022\/","title":{"rendered":"Tribune septembre 2022 : d\u00e9ni de d\u00e9mocratie !"},"content":{"rendered":"\n<p class=\"has-black-color has-text-color\">D\u00e9ni de d\u00e9mocratie \u00e0 L&rsquo;Isle-Adam !<br>D\u00e8s le d\u00e9but de la mandature, notre Maire n&rsquo;a eu<br>de cesse de limiter notre droit \u00e0 l&rsquo;expression. Nous<br>avions \u00e0 l&rsquo;\u00e9poque saisi le contr\u00f4le de l\u00e9galit\u00e9 et<br>le Tribunal administratif \u00e0 ce sujet. Le Pr\u00e9fet \u00e9tait<br>alors intervenu pour obliger le Maire \u00e0 respecter la<br>loi et \u00e0 nous accorder 15 minutes de questions en<br>fin de conseil municipal. Nous utilisons ce temps<br>pour interroger le Maire sur les cons\u00e9quences de<br>sa politique et lui faire remonter vos attentes, vos<br>espoirs et les probl\u00e8mes que vous rencontrez dans<br>notre ville.<br>Lors de la s\u00e9ance de juillet, nous avions des questions<br>concernant les tarifs des activit\u00e9s p\u00e9riscolaires et<br>de cantine, les nuisances \u00e0 Port L&rsquo;Isle-Adam ou la<br>multiplication des dos d&rsquo;\u00e2ne, pas tous aux normes,<br>dans les rues de notre ville.<br>Mais patatras ! Les bras nous en sont tomb\u00e9s !<br>Le maire a cl\u00f4tur\u00e9 la s\u00e9ance en refusant de nous<br>donner la parole et nous a invectiv\u00e9s, sous les<br>applaudissements de son groupe, nous reprochant<br>de nous \u00eatre pr\u00e9sent\u00e9s aux \u00e9lections l\u00e9gislatives !<br>Il est dommage que le premier magistrat de notre<br>ville ne respecte pas les valeurs qu&rsquo;il est sens\u00e9<br>d\u00e9fendre. En vous r\u00e9f\u00e9rant \u00e0 cette citation de Jean-Louis Barrault, acteur et metteur en sc\u00e8ne, qui avait<br>cette formule choc \u00ab\u00a0La dictature c\u2019est \u00ab ferme ta<br>gueule \u00bb, la d\u00e9mocratie c\u2019est \u00ab cause toujours \u00bb.\u00a0\u00bb,<br>vous \u00eates en mesure de vous faire une id\u00e9e de l&rsquo;\u00e9tat<br>de la d\u00e9mocratie dans notre ville.<br>Parce que nous vous repr\u00e9sentons \u00e9galement, nous<br>ne nous tairons pas et continuerons \u00e0 porter votre<br>voix au sein du conseil municipal.<br>Nous restons \u00e0 votre disposition et \u00e0 votre \u00e9coute !<br>Rencontrons-nous !<br>C. PELEGRIN, C. MULLER et E. LEGRIS<br>06 56 73 84 50<\/p>\n","protected":false},"excerpt":{"rendered":"<p>D\u00e9ni de d\u00e9mocratie \u00e0 L&rsquo;Isle-Adam !D\u00e8s le d\u00e9but de la mandature, notre Maire n&rsquo;a eude cesse de limiter notre droit \u00e0 l&rsquo;expression. Nousavions \u00e0 l&rsquo;\u00e9poque saisi le contr\u00f4le de l\u00e9galit\u00e9 &#8230;<\/p>\n","protected":false},"author":1,"featured_media":0,"comment_status":"open","ping_status":"open","sticky":false,"template":"","format":"standard","meta":{"footnotes":"","jetpack_publicize_message":"","jetpack_publicize_feature_enabled":true,"jetpack_social_post_already_shared":false,"jetpack_social_options":{"image_generator_settings":{"template":"highway","default_image_id":0,"font":"","enabled":false},"version":2}},"categories":[15],"tags":[],"class_list":["post-141","post","type-post","status-publish","format-standard","hentry","category-tribune-publiee-dans-regards"],"jetpack_publicize_connections":[],"_links":{"self":[{"href":"http:\/\/deloxygene.fr\/index.php\/wp-json\/wp\/v2\/posts\/141","targetHints":{"allow":["GET"]}}],"collection":[{"href":"http:\/\/deloxygene.fr\/index.php\/wp-json\/wp\/v2\/posts"}],"about":[{"href":"http:\/\/deloxygene.fr\/index.php\/wp-json\/wp\/v2\/types\/post"}],"author":[{"embeddable":true,"href":"http:\/\/deloxygene.fr\/index.php\/wp-json\/wp\/v2\/users\/1"}],"replies":[{"embeddable":true,"href":"http:\/\/deloxygene.fr\/index.php\/wp-json\/wp\/v2\/comments?post=141"}],"version-history":[{"count":0,"href":"http:\/\/deloxygene.fr\/index.php\/wp-json\/wp\/v2\/posts\/141\/revisions"}],"wp:attachment":[{"href":"http:\/\/deloxygene.fr\/index.php\/wp-json\/wp\/v2\/media?parent=141"}],"wp:term":[{"taxonomy":"category","embeddable":true,"href":"http:\/\/deloxygene.fr\/index.php\/wp-json\/wp\/v2\/categories?post=141"},{"taxonomy":"post_tag","embeddable":true,"href":"http:\/\/deloxygene.fr\/index.php\/wp-json\/wp\/v2\/tags?post=141"}],"curies":[{"name":"wp","href":"https:\/\/api.w.org\/{rel}","templated":true}]}}