{"id":147,"date":"2021-05-15T02:20:00","date_gmt":"2021-05-15T00:20:00","guid":{"rendered":"http:\/\/deloxygene.fr\/?p=147"},"modified":"2022-10-29T14:55:03","modified_gmt":"2022-10-29T12:55:03","slug":"tribune-mai-2021","status":"publish","type":"post","link":"http:\/\/deloxygene.fr\/index.php\/2021\/05\/15\/tribune-mai-2021\/","title":{"rendered":"Tribune mai 2021 : non \u00e0 la hausse des imp\u00f4ts !"},"content":{"rendered":"\n<p class=\"has-black-color has-text-color\">Hausse d\u2019imp\u00f4t traditionnelle et manque de transparence ainsi se d\u00e9veloppe la politique du maire.<br>Nous avons vot\u00e9 contre la hausse de 1,32% de la taxe fonci\u00e8re. En effet, alors que la ville pr\u00e9sente un r\u00e9sultat net exc\u00e9dentaire de 1593129,98 \u20ac, que les recettes fiscales li\u00e9es aux nouveaux habitants de Port L\u2019Isle-Adam n\u2019ont pas \u00e9t\u00e9 \u00e9valu\u00e9es, que, du fait de la Covid, nombre \u00e9v\u00e9nements dans la ville n\u2019ont pas eu lieu, alors m\u00eame que la situation \u00e9conomique s\u2019est d\u00e9grad\u00e9e pour nombre d\u2019Adamois, il nous semblait totalement d\u00e9plac\u00e9 d\u2019augmenter les imp\u00f4ts !<br>Le Maire a justifi\u00e9 cette hausse en expliquant qu\u2019\u00e0 chaque d\u00e9but de mandature les imp\u00f4ts sont relev\u00e9s. Il est vrai que pour g\u00e9rer une commune il vaut mieux s\u2019appuyer sur la tradition que sur l\u2019analyse de la situation ! Ce n\u2019est pas notre conception des choses.<\/p>\n\n\n\n<p class=\"has-black-color has-text-color\"><br>Par ailleurs, comme pour les subventions aux associations attribu\u00e9es sans crit\u00e8res pr\u00e9cis, un manque de transparence appara\u00eet dans la vente des terrains de la ville quand le Maire fait confiance au bouche-\u00e0-oreille pour diffuser ses annonces.<\/p>\n\n\n\n<p class=\"has-black-color has-text-color\"><br>Quai de l\u2019Oise, un terrain de 722m\u00b2 s\u2019est vendu pour 300000\u20ac. Comment peut-on \u00eatre s\u00fbr que tous les acqu\u00e9reurs potentiels soient bien inform\u00e9s ?<br>Nous avons demand\u00e9 que toutes ces ventes soient annonc\u00e9es sur le site internet de la ville et dans le \u00ab Regards \u00bb. Le maire n\u2019en voit pas l\u2019utilit\u00e9 car tout se passe bien selon lui. C\u2019est vrai qu\u2019\u00e0 416 \u20ac\/m\u00b2 il y a des acqu\u00e9reurs ! Mais nous sommes s\u00fbrs \u00e9galement qu\u2019en lisant ces lignes vous vous dites que vous l\u2019auriez bien achet\u00e9 si seulement vous l\u2019aviez su !<br><\/p>\n\n\n\n<p class=\"has-black-color has-text-color\">Pensez \u00e0 vous inscrire sur les listes \u00e9lectorales ! On vote les 20 et 27 juin !<\/p>\n\n\n\n<p class=\"has-black-color has-text-color\"><br>Carine PELEGRIN, Claudine MULLER &amp; Edwin LEGRIS<\/p>\n","protected":false},"excerpt":{"rendered":"<p>Hausse d\u2019imp\u00f4t traditionnelle et manque de transparence ainsi se d\u00e9veloppe la politique du maire.Nous avons vot\u00e9 contre la hausse de 1,32% de la taxe fonci\u00e8re. En effet, alors que la &#8230;<\/p>\n","protected":false},"author":1,"featured_media":0,"comment_status":"open","ping_status":"open","sticky":false,"template":"","format":"standard","meta":{"footnotes":"","jetpack_publicize_message":"","jetpack_publicize_feature_enabled":true,"jetpack_social_post_already_shared":false,"jetpack_social_options":{"image_generator_settings":{"template":"highway","default_image_id":0,"font":"","enabled":false},"version":2}},"categories":[15],"tags":[],"class_list":["post-147","post","type-post","status-publish","format-standard","hentry","category-tribune-publiee-dans-regards"],"jetpack_publicize_connections":[],"_links":{"self":[{"href":"http:\/\/deloxygene.fr\/index.php\/wp-json\/wp\/v2\/posts\/147","targetHints":{"allow":["GET"]}}],"collection":[{"href":"http:\/\/deloxygene.fr\/index.php\/wp-json\/wp\/v2\/posts"}],"about":[{"href":"http:\/\/deloxygene.fr\/index.php\/wp-json\/wp\/v2\/types\/post"}],"author":[{"embeddable":true,"href":"http:\/\/deloxygene.fr\/index.php\/wp-json\/wp\/v2\/users\/1"}],"replies":[{"embeddable":true,"href":"http:\/\/deloxygene.fr\/index.php\/wp-json\/wp\/v2\/comments?post=147"}],"version-history":[{"count":0,"href":"http:\/\/deloxygene.fr\/index.php\/wp-json\/wp\/v2\/posts\/147\/revisions"}],"wp:attachment":[{"href":"http:\/\/deloxygene.fr\/index.php\/wp-json\/wp\/v2\/media?parent=147"}],"wp:term":[{"taxonomy":"category","embeddable":true,"href":"http:\/\/deloxygene.fr\/index.php\/wp-json\/wp\/v2\/categories?post=147"},{"taxonomy":"post_tag","embeddable":true,"href":"http:\/\/deloxygene.fr\/index.php\/wp-json\/wp\/v2\/tags?post=147"}],"curies":[{"name":"wp","href":"https:\/\/api.w.org\/{rel}","templated":true}]}}