{"id":221,"date":"2023-06-15T18:33:00","date_gmt":"2023-06-15T16:33:00","guid":{"rendered":"http:\/\/deloxygene.fr\/?p=221"},"modified":"2023-06-22T18:43:17","modified_gmt":"2023-06-22T16:43:17","slug":"portage-des-repas-a-domicile-quand-le-ccas-oublie-la-signification-du-s","status":"publish","type":"post","link":"https:\/\/deloxygene.fr\/index.php\/2023\/06\/15\/portage-des-repas-a-domicile-quand-le-ccas-oublie-la-signification-du-s\/","title":{"rendered":"PORTAGE DES REPAS \u00c0 DOMICILE : QUAND LE CCAS OUBLIE LA SIGNIFICATION DU \u00ab S\u00bb !"},"content":{"rendered":"\n<p>Un <strong>CCAS<\/strong>, \u00ab Centre Communal d\u2019Action Sociale \u00bb, qu\u2019est-ce que c\u2019est ? C\u2019est un \u00e9tablissement public dont le r\u00f4le est de venir en aide aux personnes en difficult\u00e9 et\/ou fragilis\u00e9es socialement. <strong>Les CCAS constituent l\u2019outil principal des municipalit\u00e9s pour mettre en \u0153uvre les solidarit\u00e9s et organiser l\u2019aide sociale <\/strong>au profit des habitants de la commune. Ainsi, les CCAS ont pour r\u00f4le de lutter contre l\u2019exclusion, d\u2019accompagner les personnes \u00e2g\u00e9es, de soutenir les personnes souffrant de handicap et de g\u00e9rer diff\u00e9rentes structures destin\u00e9es aux enfants.<\/p>\n\n\n\n<p>En ce qui concerne notre CCAS, en mati\u00e8re de portage de repas \u00e0 domicile, on peut retirer le S !<\/p>\n\n\n\n<p>Ce service est destin\u00e9 \u00e0 permettre \u00e0 des personnes en perte d\u2019autonomie, passag\u00e8re ou \u00e0 long terme, de b\u00e9n\u00e9ficier de repas pr\u00e9par\u00e9s et livr\u00e9s. Comme vous pouvez l\u2019imaginer, ce service est absolument essentiel et repr\u00e9sente un service indispensable \u00e0 la population du 3\u00e8me \u00e2ge et pas que. Or, <strong>un <\/strong><strong>repas, livraison comprise co\u00fbte <\/strong><strong>un peu plus de 10 \u20ac, quels que soient vos revenus ! <\/strong>En ne prenant qu\u2019un seul repas par jour, cela co\u00fbte 300 \u20ac par mois.<\/p>\n\n\n\n<p><strong>Le portage \u00e0 domicile vous co\u00fbte, \u00e0 lui seul, 4 \u20ac ! <\/strong>Si vous \u00eates un couple, il vous en co\u00fbtera 8 \u20ac juste pour la livraison\u2026 L\u2019explication fournie\u2026 \u00ab Il s\u2019agit d\u2019un lissage et nous ne pouvons faire autrement\u2026 Les Adamois le comprennent bien \u00bb ! Mais oui, c&rsquo;est logique, pas de tarif d\u00e9gressif : vous payez 2 fois la livraison \u00e0 la m\u00eame adresse ! <\/p>\n\n\n\n<p>Impossible pour bien des Adamoises et des Adamois de pouvoir s\u2019offrir ce luxe, encore moins de b\u00e9n\u00e9ficier de 2 repas par jour quand vous \u00eates en couple\u2026 qui peut y consacrer un budget mensuel de 600 \u20ac ? <strong>Un tarif inaccessible pour bien des petites retraites <\/strong>pourtant cibles prioritaires des actions du CCAS !<\/p>\n\n\n\n<p><strong>Nous avons demand\u00e9 l\u2019application d\u2019un quotient familial prenant en compte les revenus de chacun pour moduler les tarifs<\/strong>, afin de permettre un v\u00e9ritable acc\u00e8s \u00e0 ce service pour toutes les adamoises et tous les adamois ! Mais <strong>nous ne sommes pas entendus ! <\/strong>La r\u00e9ponse de l\u2019\u00e9quipe municipale qui nous est renvoy\u00e9e est que \u00ab cela co\u00fbte \u00bb\u2026 cette r\u00e9ponse laisse sans voix\u2026 car tout service public co\u00fbte ! Non le co\u00fbt n\u2019est qu\u2019un pr\u00e9texte, en v\u00e9rit\u00e9 <strong>il s\u2019agit bien l\u00e0 d\u2019une v\u00e9ritable volont\u00e9 politique et id\u00e9ologique de faire \u00e0 minima \u00ab sur le plan social \u00bb<\/strong>, et ne pas reconna\u00eetre l\u2019h\u00e9t\u00e9rog\u00e9n\u00e9it\u00e9 de la population, ni ses besoins, ni sa r\u00e9alit\u00e9.<\/p>\n\n\n\n<p>Ainsi \u00e0 L\u2019Isle-Adam un certain nombre d\u2019Adamoises et d\u2019Adamois doivent surtout se d\u00e9brouiller par eux-m\u00eame quand ils le peuvent\u2026 Point de \u00ab S \u00bb pour la CCAS de notre ville, le social est bien la partie d\u00e9lib\u00e9r\u00e9ment abandonn\u00e9e par le Maire et son \u00e9quipe !<\/p>\n\n\n\n<div class=\"wp-block-media-text alignwide has-media-on-the-right is-stacked-on-mobile\" style=\"grid-template-columns:auto 15%\"><div class=\"wp-block-media-text__content\">\n<p class=\"has-text-align-right\"><strong>Claudine MULLER<\/strong><\/p>\n\n\n\n<p class=\"has-text-align-right\">Conseill\u00e8re municipale<\/p>\n<\/div><figure class=\"wp-block-media-text__media\"><img loading=\"lazy\" decoding=\"async\" width=\"522\" height=\"708\" src=\"http:\/\/deloxygene.fr\/wp-content\/uploads\/2023\/01\/claudine.jpg\" alt=\"\" class=\"wp-image-215 size-full\" srcset=\"https:\/\/deloxygene.fr\/wp-content\/uploads\/2023\/01\/claudine.jpg 522w, https:\/\/deloxygene.fr\/wp-content\/uploads\/2023\/01\/claudine-221x300.jpg 221w\" sizes=\"auto, (max-width: 522px) 100vw, 522px\" \/><\/figure><\/div>\n","protected":false},"excerpt":{"rendered":"<p>Un CCAS, \u00ab Centre Communal d\u2019Action Sociale \u00bb, qu\u2019est-ce que c\u2019est ? C\u2019est un \u00e9tablissement public dont le r\u00f4le est de venir en aide aux personnes en difficult\u00e9 et\/ou fragilis\u00e9es &#8230;<\/p>\n","protected":false},"author":3,"featured_media":0,"comment_status":"open","ping_status":"open","sticky":false,"template":"","format":"standard","meta":{"footnotes":"","jetpack_publicize_message":"","jetpack_publicize_feature_enabled":true,"jetpack_social_post_already_shared":false,"jetpack_social_options":{"image_generator_settings":{"template":"highway","default_image_id":0,"font":"","enabled":false},"version":2}},"categories":[35],"tags":[33,19,34],"class_list":["post-221","post","type-post","status-publish","format-standard","hentry","category-social","tag-ccas","tag-lisle-adam","tag-retraite"],"jetpack_publicize_connections":[],"_links":{"self":[{"href":"https:\/\/deloxygene.fr\/index.php\/wp-json\/wp\/v2\/posts\/221","targetHints":{"allow":["GET"]}}],"collection":[{"href":"https:\/\/deloxygene.fr\/index.php\/wp-json\/wp\/v2\/posts"}],"about":[{"href":"https:\/\/deloxygene.fr\/index.php\/wp-json\/wp\/v2\/types\/post"}],"author":[{"embeddable":true,"href":"https:\/\/deloxygene.fr\/index.php\/wp-json\/wp\/v2\/users\/3"}],"replies":[{"embeddable":true,"href":"https:\/\/deloxygene.fr\/index.php\/wp-json\/wp\/v2\/comments?post=221"}],"version-history":[{"count":0,"href":"https:\/\/deloxygene.fr\/index.php\/wp-json\/wp\/v2\/posts\/221\/revisions"}],"wp:attachment":[{"href":"https:\/\/deloxygene.fr\/index.php\/wp-json\/wp\/v2\/media?parent=221"}],"wp:term":[{"taxonomy":"category","embeddable":true,"href":"https:\/\/deloxygene.fr\/index.php\/wp-json\/wp\/v2\/categories?post=221"},{"taxonomy":"post_tag","embeddable":true,"href":"https:\/\/deloxygene.fr\/index.php\/wp-json\/wp\/v2\/tags?post=221"}],"curies":[{"name":"wp","href":"https:\/\/api.w.org\/{rel}","templated":true}]}}