{"id":227,"date":"2023-06-15T18:44:00","date_gmt":"2023-06-15T16:44:00","guid":{"rendered":"http:\/\/deloxygene.fr\/?p=227"},"modified":"2023-06-22T18:58:38","modified_gmt":"2023-06-22T16:58:38","slug":"227","status":"publish","type":"post","link":"https:\/\/deloxygene.fr\/index.php\/2023\/06\/15\/227\/","title":{"rendered":"HAUSSE DES IMP\u00d4TS LOCAUX : +14,6% !"},"content":{"rendered":"\n<p>D\u2019un c\u00f4t\u00e9 <strong>l\u2019\u00c9tat a d\u00e9cid\u00e9 de revaloriser les valeurs locatives cadastrales <\/strong>servant de base de calcul de la taxe fonci\u00e8re et de la taxe d\u2019enl\u00e8vement des ordures m\u00e9nag\u00e8res : <strong>+7,1%.<\/strong><\/p>\n\n\n\n<p>De l\u2019autre, <strong>le Maire et son \u00e9quipe ont d\u00e9cid\u00e9 d\u2019augmenter le taux d\u2019imposition de la taxe fonci\u00e8re sur notre commune : +7 %<\/strong>.<\/p>\n\n\n\n<p>Le groupe <strong>Oxyg\u00e8ne a bien entendu vot\u00e9 contre <\/strong>cette hausse propos\u00e9e par la majorit\u00e9 municipale. Mais rien n\u2019y a fait !<\/p>\n\n\n\n<p>Les deux mesures combin\u00e9es repr\u00e9sentent donc <strong>14,6 % d\u2019augmentation pour 2023 <\/strong>(Avec une base 100 en 2022 \/ 14,6% = ((100*1.071*1.07)-100))\u00a0 \u00a0! A cette hausse de la fiscalit\u00e9 locale, s\u2019ajoute celle des prestations factur\u00e9es par la ville. Et comme de bien entendu, la cantine ou l\u2019accueil en p\u00e9riscolaire vont augmenter !<\/p>\n\n\n\n<p>Le maire s\u2019est justifi\u00e9 en indiquant que la commune avait toujours besoin de ressources financi\u00e8res suppl\u00e9mentaires notamment pour faire face \u00e0 l\u2019augmentation des prix de l\u2019\u00e9nergie. Il a minimis\u00e9 l\u2019impact de cette hausse\u00a0\u00a0 fiscale en rappelant qu\u2019\u00e0 la suite de la suppression de la taxe d\u2019habitation les contribuables adamois ne payeraient pas plus d\u2019imp\u00f4ts locaux qu\u2019en 2022. Nous lui avons signal\u00e9 que cela n\u2019\u00e9tait que tr\u00e8s partiellement vrai. Et lorsque nous lui avons expliqu\u00e9 que de nombreux administr\u00e9s allaient payer bien plus d\u2019imp\u00f4ts en 2023 qu\u2019en 2022, notamment les plus modestes, puisque depuis 2020, 80 % des foyers ont b\u00e9n\u00e9fici\u00e9 de la suppression totale de leur taxe d\u2019habitation sur leur r\u00e9sidence principale, <strong>le maire, \u00e0 court d\u2019argument, s\u2019est une fois de<\/strong> plus emport\u00e9 et a trait\u00e9 l&rsquo;un d&rsquo;entre <strong>nous de \u00ab menteur \u00bb\u2026<\/strong><\/p>\n\n\n\n<p>Peut-\u00eatre que le maire n\u2019avait en t\u00eate que la situation fiscale des 20 % les plus riches pour lesquels la taxe d\u2019habitation n\u2019a \u00e9t\u00e9 supprim\u00e9e qu\u2019en 2022.<\/p>\n\n\n\n<p>Et peut-\u00eatre que nous avons tort mais comme par hasard dans le proc\u00e8s-verbal de la s\u00e9ance pas de trace des invectives du maire \u00e0 notre encontre (lors du conseil municipal suivant nous avons fait corriger cet oubli). Peut-\u00eatre s\u2019est-il rendu compte de son erreur ? <strong>Pour savoir qui dit la v\u00e9rit\u00e9, nous invitons les adamoises et adamois \u00e0 comparer leurs avis 2022 avec celui qu\u2019ils recevront fin 2023.<\/strong><\/p>\n\n\n\n<p>Et quelle n\u2019a pas \u00e9t\u00e9 notre surprise de d\u00e9couvrir dans les colonnes de la Gazette du Val-d\u2019Oise que <strong>le maire avait d\u00e9cid\u00e9 de lancer un projet \u00e0 1 million d\u2019euros <\/strong>: le prolongement de 350 m\u00e8tres de l\u2019all\u00e9e Le N\u00f4tre pour rallier le rond-point des H\u00e9ros- de-la-R\u00e9sistance depuis le lyc\u00e9e Fragonard et ainsi <strong>compl\u00e9ter l\u2019\u0153uvre de son grand-p\u00e8re. <\/strong>Comme quoi, quand il en a la volont\u00e9 politique, le maire sait trouver les ressources !<\/p>\n\n\n\n<div class=\"wp-block-media-text alignwide has-media-on-the-right is-stacked-on-mobile\" style=\"grid-template-columns:auto 15%\"><div class=\"wp-block-media-text__content\">\n<p class=\"has-text-align-right\"><strong>Edwin LEGRIS<\/strong><\/p>\n\n\n\n<p class=\"has-text-align-right\"><strong>Conseiller municipal<\/strong><\/p>\n<\/div><figure class=\"wp-block-media-text__media\"><img loading=\"lazy\" decoding=\"async\" width=\"380\" height=\"460\" src=\"http:\/\/deloxygene.fr\/wp-content\/uploads\/2023\/01\/edwin.jpg\" alt=\"\" class=\"wp-image-202 size-full\" srcset=\"https:\/\/deloxygene.fr\/wp-content\/uploads\/2023\/01\/edwin.jpg 380w, https:\/\/deloxygene.fr\/wp-content\/uploads\/2023\/01\/edwin-248x300.jpg 248w\" sizes=\"auto, (max-width: 380px) 100vw, 380px\" \/><\/figure><\/div>\n\n\n\n<h3 class=\"wp-block-heading\"><\/h3>\n","protected":false},"excerpt":{"rendered":"<p>D\u2019un c\u00f4t\u00e9 l\u2019\u00c9tat a d\u00e9cid\u00e9 de revaloriser les valeurs locatives cadastrales servant de base de calcul de la taxe fonci\u00e8re et de la taxe d\u2019enl\u00e8vement des ordures m\u00e9nag\u00e8res : +7,1%. &#8230;<\/p>\n","protected":false},"author":1,"featured_media":0,"comment_status":"open","ping_status":"open","sticky":false,"template":"","format":"standard","meta":{"footnotes":"","jetpack_publicize_message":"","jetpack_publicize_feature_enabled":true,"jetpack_social_post_already_shared":false,"jetpack_social_options":{"image_generator_settings":{"template":"highway","default_image_id":0,"font":"","enabled":false},"version":2}},"categories":[40],"tags":[37,38,31,39],"class_list":["post-227","post","type-post","status-publish","format-standard","hentry","category-impots","tag-hausse","tag-impots-locaux","tag-taxe-fonciere","tag-taxe-fonciere-lisle-adam"],"jetpack_publicize_connections":[],"_links":{"self":[{"href":"https:\/\/deloxygene.fr\/index.php\/wp-json\/wp\/v2\/posts\/227","targetHints":{"allow":["GET"]}}],"collection":[{"href":"https:\/\/deloxygene.fr\/index.php\/wp-json\/wp\/v2\/posts"}],"about":[{"href":"https:\/\/deloxygene.fr\/index.php\/wp-json\/wp\/v2\/types\/post"}],"author":[{"embeddable":true,"href":"https:\/\/deloxygene.fr\/index.php\/wp-json\/wp\/v2\/users\/1"}],"replies":[{"embeddable":true,"href":"https:\/\/deloxygene.fr\/index.php\/wp-json\/wp\/v2\/comments?post=227"}],"version-history":[{"count":0,"href":"https:\/\/deloxygene.fr\/index.php\/wp-json\/wp\/v2\/posts\/227\/revisions"}],"wp:attachment":[{"href":"https:\/\/deloxygene.fr\/index.php\/wp-json\/wp\/v2\/media?parent=227"}],"wp:term":[{"taxonomy":"category","embeddable":true,"href":"https:\/\/deloxygene.fr\/index.php\/wp-json\/wp\/v2\/categories?post=227"},{"taxonomy":"post_tag","embeddable":true,"href":"https:\/\/deloxygene.fr\/index.php\/wp-json\/wp\/v2\/tags?post=227"}],"curies":[{"name":"wp","href":"https:\/\/api.w.org\/{rel}","templated":true}]}}