{"id":511,"date":"2026-01-16T07:21:00","date_gmt":"2026-01-16T06:21:00","guid":{"rendered":"https:\/\/deloxygene.fr\/?p=511"},"modified":"2026-01-16T04:39:42","modified_gmt":"2026-01-16T03:39:42","slug":"la-candidate-municipale-de-lisle-adam-interrogee-par-la-gazette-du-val-doise","status":"publish","type":"post","link":"https:\/\/deloxygene.fr\/index.php\/2026\/01\/16\/la-candidate-municipale-de-lisle-adam-interrogee-par-la-gazette-du-val-doise\/","title":{"rendered":"La candidate municipale de L\u2019Isle-Adam interrog\u00e9e par la Gazette du Val d\u2019Oise"},"content":{"rendered":"\n<p>Mercredi 14 janvier, interview avec un journaliste de la Gazette du Val-d\u2019Oise pour pr\u00e9senter les premiers \u00e9l\u00e9ments de notre programme \u00ab De l\u2019oxyg\u00e8ne pour L\u2019Isle-Adam \u00bb.<\/p>\n\n\n\n<p>Nous avons notamment \u00e9voqu\u00e9 la mise en place de navettes \u00e9lectriques gratuites reliant les points n\u00e9vralgiques de notre ville \u2014 la gare, les commerces du centre-ville, de la Garenne et de Nogent, le coll\u00e8ge, le lyc\u00e9e, le Grand Val, la clinique Conti \u2014 ainsi que les diff\u00e9rents quartiers, afin de faciliter la mobilit\u00e9 et de r\u00e9duire les embouteillages.<\/p>\n\n\n\n<p>Nous avons \u00e9galement abord\u00e9 la cr\u00e9ation d\u2019une zone bleue pour soutenir le commerce et dynamiser notre centre-ville. Le th\u00e8me de la s\u00e9curit\u00e9 avec une police municipale aux horaires \u00e9tendus et ayant des actions renforc\u00e9es de pr\u00e9vention a \u00e9t\u00e9 mis en avant.<\/p>\n\n\n\n<p>Enfin, nous avons rappel\u00e9 que, m\u00eame si notre ville est belle, elle souffre d\u2019une mauvaise gestion.<\/p>\n\n\n\n<figure class=\"wp-block-image size-large\"><img loading=\"lazy\" decoding=\"async\" width=\"472\" height=\"1024\" src=\"http:\/\/deloxygene.fr\/wp-content\/uploads\/2026\/01\/IMG_6476-472x1024.png\" alt=\"\" class=\"wp-image-513\" srcset=\"https:\/\/deloxygene.fr\/wp-content\/uploads\/2026\/01\/IMG_6476-472x1024.png 472w, https:\/\/deloxygene.fr\/wp-content\/uploads\/2026\/01\/IMG_6476-138x300.png 138w, https:\/\/deloxygene.fr\/wp-content\/uploads\/2026\/01\/IMG_6476-768x1665.png 768w, https:\/\/deloxygene.fr\/wp-content\/uploads\/2026\/01\/IMG_6476-709x1536.png 709w, https:\/\/deloxygene.fr\/wp-content\/uploads\/2026\/01\/IMG_6476-945x2048.png 945w, https:\/\/deloxygene.fr\/wp-content\/uploads\/2026\/01\/IMG_6476-scaled.png 1181w\" sizes=\"auto, (max-width: 472px) 100vw, 472px\" \/><\/figure>\n","protected":false},"excerpt":{"rendered":"<p>Mercredi 14 janvier, interview avec un journaliste de la Gazette du Val-d\u2019Oise pour pr\u00e9senter les premiers \u00e9l\u00e9ments de notre programme \u00ab De l\u2019oxyg\u00e8ne pour L\u2019Isle-Adam \u00bb. Nous avons notamment \u00e9voqu\u00e9 &#8230;<\/p>\n","protected":false},"author":7,"featured_media":513,"comment_status":"open","ping_status":"open","sticky":false,"template":"","format":"standard","meta":{"footnotes":"","jetpack_publicize_message":"","jetpack_publicize_feature_enabled":true,"jetpack_social_post_already_shared":true,"jetpack_social_options":{"image_generator_settings":{"template":"highway","default_image_id":0,"font":"","enabled":false},"version":2}},"categories":[100],"tags":[114],"class_list":["post-511","post","type-post","status-publish","format-standard","has-post-thumbnail","hentry","category-municipales-2026","tag-carine-pelegrin"],"jetpack_publicize_connections":[],"_links":{"self":[{"href":"https:\/\/deloxygene.fr\/index.php\/wp-json\/wp\/v2\/posts\/511","targetHints":{"allow":["GET"]}}],"collection":[{"href":"https:\/\/deloxygene.fr\/index.php\/wp-json\/wp\/v2\/posts"}],"about":[{"href":"https:\/\/deloxygene.fr\/index.php\/wp-json\/wp\/v2\/types\/post"}],"author":[{"embeddable":true,"href":"https:\/\/deloxygene.fr\/index.php\/wp-json\/wp\/v2\/users\/7"}],"replies":[{"embeddable":true,"href":"https:\/\/deloxygene.fr\/index.php\/wp-json\/wp\/v2\/comments?post=511"}],"version-history":[{"count":3,"href":"https:\/\/deloxygene.fr\/index.php\/wp-json\/wp\/v2\/posts\/511\/revisions"}],"predecessor-version":[{"id":517,"href":"https:\/\/deloxygene.fr\/index.php\/wp-json\/wp\/v2\/posts\/511\/revisions\/517"}],"wp:featuredmedia":[{"embeddable":true,"href":"https:\/\/deloxygene.fr\/index.php\/wp-json\/wp\/v2\/media\/513"}],"wp:attachment":[{"href":"https:\/\/deloxygene.fr\/index.php\/wp-json\/wp\/v2\/media?parent=511"}],"wp:term":[{"taxonomy":"category","embeddable":true,"href":"https:\/\/deloxygene.fr\/index.php\/wp-json\/wp\/v2\/categories?post=511"},{"taxonomy":"post_tag","embeddable":true,"href":"https:\/\/deloxygene.fr\/index.php\/wp-json\/wp\/v2\/tags?post=511"}],"curies":[{"name":"wp","href":"https:\/\/api.w.org\/{rel}","templated":true}]}}