{"id":783,"date":"2026-03-13T13:04:03","date_gmt":"2026-03-13T12:04:03","guid":{"rendered":"https:\/\/deloxygene.fr\/?p=783"},"modified":"2026-03-13T13:04:08","modified_gmt":"2026-03-13T12:04:08","slug":"petite-enfance-les-quartiers-doivent-etre-traites-avec-equite","status":"publish","type":"post","link":"https:\/\/deloxygene.fr\/index.php\/2026\/03\/13\/petite-enfance-les-quartiers-doivent-etre-traites-avec-equite\/","title":{"rendered":"Petite enfance : les quartiers doivent \u00eatre trait\u00e9s avec \u00e9quit\u00e9"},"content":{"rendered":"\n<p>Pour que chaque quartier soit trait\u00e9 avec \u00e9quit\u00e9 et que nos enfants disposent d\u2019espaces adapt\u00e9s, ce dimanche votez pour De L\u2019Oxyg\u00e8ne Pour L\u2019Isle-Adam !<\/p>\n\n\n\n<figure class=\"wp-block-video\"><video height=\"1920\" style=\"aspect-ratio: 1080 \/ 1920;\" width=\"1080\" controls src=\"https:\/\/deloxygene.fr\/wp-content\/uploads\/2026\/03\/Video-Edwin-JEUDI_v2.mp4\"><\/video><\/figure>\n","protected":false},"excerpt":{"rendered":"<p>Pour que chaque quartier soit trait\u00e9 avec \u00e9quit\u00e9 et que nos enfants disposent d\u2019espaces adapt\u00e9s, ce dimanche votez pour De L\u2019Oxyg\u00e8ne Pour L\u2019Isle-Adam !<\/p>\n","protected":false},"author":8,"featured_media":785,"comment_status":"open","ping_status":"open","sticky":false,"template":"","format":"standard","meta":{"footnotes":"","jetpack_publicize_message":"","jetpack_publicize_feature_enabled":true,"jetpack_social_post_already_shared":true,"jetpack_social_options":{"image_generator_settings":{"template":"highway","default_image_id":0,"font":"","enabled":false},"version":2}},"categories":[100,71,41],"tags":[],"class_list":["post-783","post","type-post","status-publish","format-standard","has-post-thumbnail","hentry","category-municipales-2026","category-jeunesse","category-urbanisme"],"jetpack_publicize_connections":[],"_links":{"self":[{"href":"https:\/\/deloxygene.fr\/index.php\/wp-json\/wp\/v2\/posts\/783","targetHints":{"allow":["GET"]}}],"collection":[{"href":"https:\/\/deloxygene.fr\/index.php\/wp-json\/wp\/v2\/posts"}],"about":[{"href":"https:\/\/deloxygene.fr\/index.php\/wp-json\/wp\/v2\/types\/post"}],"author":[{"embeddable":true,"href":"https:\/\/deloxygene.fr\/index.php\/wp-json\/wp\/v2\/users\/8"}],"replies":[{"embeddable":true,"href":"https:\/\/deloxygene.fr\/index.php\/wp-json\/wp\/v2\/comments?post=783"}],"version-history":[{"count":1,"href":"https:\/\/deloxygene.fr\/index.php\/wp-json\/wp\/v2\/posts\/783\/revisions"}],"predecessor-version":[{"id":786,"href":"https:\/\/deloxygene.fr\/index.php\/wp-json\/wp\/v2\/posts\/783\/revisions\/786"}],"wp:featuredmedia":[{"embeddable":true,"href":"https:\/\/deloxygene.fr\/index.php\/wp-json\/wp\/v2\/media\/785"}],"wp:attachment":[{"href":"https:\/\/deloxygene.fr\/index.php\/wp-json\/wp\/v2\/media?parent=783"}],"wp:term":[{"taxonomy":"category","embeddable":true,"href":"https:\/\/deloxygene.fr\/index.php\/wp-json\/wp\/v2\/categories?post=783"},{"taxonomy":"post_tag","embeddable":true,"href":"https:\/\/deloxygene.fr\/index.php\/wp-json\/wp\/v2\/tags?post=783"}],"curies":[{"name":"wp","href":"https:\/\/api.w.org\/{rel}","templated":true}]}}